{"id":52628,"date":"2022-02-12T16:07:00","date_gmt":"2022-02-12T16:07:00","guid":{"rendered":"https:\/\/vacanzeinbaita.paissangroup.com\/la-nostra-esperienza-alla-baita-mandrett\/"},"modified":"2022-02-12T16:07:00","modified_gmt":"2022-02-12T16:07:00","slug":"la-nostra-esperienza-alla-baita-mandrett","status":"publish","type":"post","link":"https:\/\/vacanzeinbaita.paissangroup.com\/de\/la-nostra-esperienza-alla-baita-mandrett\/","title":{"rendered":"Altopiano della Vigolana: la nostra esperienza alla Baita Mandrett"},"content":{"rendered":"<p style=\"text-align: justify;\"><strong>L\u2019Altopiano della Vigolana<\/strong>, in Trentino, \u00e8 un posto tranquillo e bellissimo per trascorrere un weekend di relax e natura e, in quanto ad alloggi tipici e altrettanto tranquilli, abbiamo una bella proposta che fa per voi.<br \/>Per due meravigliose notti abbiamo alloggiato alla <strong>Baita Mandrett<\/strong> che le bambine ora chiamano \u201cla nostra baita\u201d, a testimonianza di quanto ci siamo sentiti a casa, fin dal primo momento.<br \/>Siamo partiti il venerd\u00ec sera dopo lavoro per raggiungere Baita Mandrett, impostando sul navigatore Centa San Nicol\u00f2 (TN).<br \/>Centa San Nicol\u00f2 \u00e8 una delle localit\u00e0 che compongono il comune sparso di Altopiano della Vigolana nella Provincia Autonoma di Trento e che include anche Bosentino, Vattaro e Vigolo Vattaro.<\/p>\n\n\n<div style=\"height:40px\" aria-hidden=\"true\" class=\"wp-block-spacer\"><\/div>\n\n\n\n<div class=\"wp-block-buttons is-layout-flex wp-block-buttons-is-layout-flex\">\n<div class=\"wp-block-button has-custom-width wp-block-button__width-50 has-custom-font-size is-style-outline is-style-outline--1\" style=\"font-size:16px\"><a class=\"wp-block-button__link has-white-color has-text-color has-background wp-element-button\" href=\"https:\/\/www.dammilamano.com\/alloggi-tipici-sullaltopiano-della-vigolana-tn-la-nostra-esperienza-alla-baita-mandrett\/\" style=\"border-radius:3px;background-color:#975824\" target=\"_blank\" rel=\"noreferrer noopener\">Vai al Blog e leggi tutto<\/a><\/div>\n<\/div>\n\n\n\n<div style=\"height:40px\" aria-hidden=\"true\" class=\"wp-block-spacer\"><\/div>\n\n\n\n<figure class=\"wp-block-image size-large\"><a href=\"http:\/\/vacanzeinbaita.paissangroup.com\/wp-content\/uploads\/2023\/02\/news_4.jpg\"><img fetchpriority=\"high\" decoding=\"async\" width=\"1024\" height=\"420\" src=\"http:\/\/vacanzeinbaita.paissangroup.com\/wp-content\/uploads\/2023\/02\/news_4-1024x420.jpg\" alt=\"\" class=\"wp-image-37947\" srcset=\"https:\/\/vacanzeinbaita.paissangroup.com\/wp-content\/uploads\/2023\/02\/news_4-1024x420.jpg 1024w, https:\/\/vacanzeinbaita.paissangroup.com\/wp-content\/uploads\/2023\/02\/news_4-300x123.jpg 300w, https:\/\/vacanzeinbaita.paissangroup.com\/wp-content\/uploads\/2023\/02\/news_4-768x315.jpg 768w, https:\/\/vacanzeinbaita.paissangroup.com\/wp-content\/uploads\/2023\/02\/news_4.jpg 1170w\" sizes=\"(max-width: 1024px) 100vw, 1024px\" \/><\/a><\/figure>\n","protected":false},"excerpt":{"rendered":"<p>L\u2019Altopiano della Vigolana, in Trentino, \u00e8 un posto tranquillo e bellissimo per trascorrere un weekend di relax e natura e, in quanto ad alloggi tipici e altrettanto tranquilli, abbiamo una bella proposta che fa per voi.Per due meravigliose notti abbiamo alloggiato alla Baita Mandrett che le bambine ora chiamano \u201cla nostra baita\u201d, a testimonianza di &#8230;<\/p>\n","protected":false},"author":2,"featured_media":44531,"comment_status":"open","ping_status":"open","sticky":false,"template":"","format":"standard","meta":{"_acf_changed":false,"inline_featured_image":false,"footnotes":""},"categories":[347],"tags":[367,366],"class_list":["post-52628","post","type-post","status-publish","format-standard","has-post-thumbnail","hentry","category-blogger-de","tag-holiday-ideas-de","tag-hospitality-de"],"acf":[],"yoast_head":"<!-- This site is optimized with the Yoast SEO plugin v21.9.1 - https:\/\/yoast.com\/wordpress\/plugins\/seo\/ -->\n<title>Altopiano della Vigolana: la nostra esperienza alla Baita Mandrett - Vacanze in Baita<\/title>\n<meta name=\"robots\" content=\"noindex, follow, max-snippet:-1, max-image-preview:large, max-video-preview:-1\" \/>\n<meta property=\"og:locale\" content=\"de_DE\" \/>\n<meta property=\"og:type\" content=\"article\" \/>\n<meta property=\"og:title\" content=\"Altopiano della Vigolana: la nostra esperienza alla Baita Mandrett - Vacanze in Baita\" \/>\n<meta property=\"og:description\" content=\"L\u2019Altopiano della Vigolana, in Trentino, \u00e8 un posto tranquillo e bellissimo per trascorrere un weekend di relax e natura e, in quanto ad alloggi tipici e altrettanto tranquilli, abbiamo una bella proposta che fa per voi.Per due meravigliose notti abbiamo alloggiato alla Baita Mandrett che le bambine ora chiamano \u201cla nostra baita\u201d, a testimonianza di ...\" \/>\n<meta property=\"og:url\" content=\"https:\/\/vacanzeinbaita.paissangroup.com\/de\/la-nostra-esperienza-alla-baita-mandrett\/\" \/>\n<meta property=\"og:site_name\" content=\"Vacanze in Baita\" \/>\n<meta property=\"article:publisher\" content=\"https:\/\/www.facebook.com\/people\/Vacanze-in-Baita\/100064500943516\/\" \/>\n<meta property=\"article:author\" content=\"https:\/\/www.facebook.com\/masobolpis\" \/>\n<meta property=\"article:published_time\" content=\"2022-02-12T16:07:00+00:00\" \/>\n<meta property=\"og:image\" content=\"http:\/\/vacanzeinbaita.paissangroup.com\/wp-content\/uploads\/2023\/02\/news_4-1024x420.jpg\" \/>\n<meta name=\"author\" content=\"Roberto Lorusso\" \/>\n<meta name=\"twitter:card\" content=\"summary_large_image\" \/>\n<meta name=\"twitter:label1\" content=\"Verfasst von\" \/>\n\t<meta name=\"twitter:data1\" content=\"Roberto Lorusso\" \/>\n\t<meta name=\"twitter:label2\" content=\"Gesch\u00e4tzte Lesezeit\" \/>\n\t<meta name=\"twitter:data2\" content=\"1\u00a0Minute\" \/>\n<script type=\"application\/ld+json\" class=\"yoast-schema-graph\">{\"@context\":\"https:\/\/schema.org\",\"@graph\":[{\"@type\":\"Article\",\"@id\":\"https:\/\/vacanzeinbaita.paissangroup.com\/de\/la-nostra-esperienza-alla-baita-mandrett\/#article\",\"isPartOf\":{\"@id\":\"https:\/\/vacanzeinbaita.paissangroup.com\/de\/la-nostra-esperienza-alla-baita-mandrett\/\"},\"author\":{\"name\":\"Roberto Lorusso\",\"@id\":\"https:\/\/vacanzeinbaita.paissangroup.com\/#\/schema\/person\/29636c8f89ac13db261d68c95ef7153e\"},\"headline\":\"Altopiano della Vigolana: la nostra esperienza alla Baita Mandrett\",\"datePublished\":\"2022-02-12T16:07:00+00:00\",\"dateModified\":\"2022-02-12T16:07:00+00:00\",\"mainEntityOfPage\":{\"@id\":\"https:\/\/vacanzeinbaita.paissangroup.com\/de\/la-nostra-esperienza-alla-baita-mandrett\/\"},\"wordCount\":128,\"commentCount\":0,\"publisher\":{\"@id\":\"https:\/\/vacanzeinbaita.paissangroup.com\/#organization\"},\"keywords\":[\"holiday ideas\",\"hospitality\"],\"articleSection\":[\"Blogger\"],\"inLanguage\":\"de\",\"potentialAction\":[{\"@type\":\"CommentAction\",\"name\":\"Comment\",\"target\":[\"https:\/\/vacanzeinbaita.paissangroup.com\/de\/la-nostra-esperienza-alla-baita-mandrett\/#respond\"]}]},{\"@type\":\"WebPage\",\"@id\":\"https:\/\/vacanzeinbaita.paissangroup.com\/de\/la-nostra-esperienza-alla-baita-mandrett\/\",\"url\":\"https:\/\/vacanzeinbaita.paissangroup.com\/de\/la-nostra-esperienza-alla-baita-mandrett\/\",\"name\":\"Altopiano della Vigolana: la nostra esperienza alla Baita Mandrett - Vacanze in Baita\",\"isPartOf\":{\"@id\":\"https:\/\/vacanzeinbaita.paissangroup.com\/#website\"},\"datePublished\":\"2022-02-12T16:07:00+00:00\",\"dateModified\":\"2022-02-12T16:07:00+00:00\",\"breadcrumb\":{\"@id\":\"https:\/\/vacanzeinbaita.paissangroup.com\/de\/la-nostra-esperienza-alla-baita-mandrett\/#breadcrumb\"},\"inLanguage\":\"de\",\"potentialAction\":[{\"@type\":\"ReadAction\",\"target\":[\"https:\/\/vacanzeinbaita.paissangroup.com\/de\/la-nostra-esperienza-alla-baita-mandrett\/\"]}]},{\"@type\":\"BreadcrumbList\",\"@id\":\"https:\/\/vacanzeinbaita.paissangroup.com\/de\/la-nostra-esperienza-alla-baita-mandrett\/#breadcrumb\",\"itemListElement\":[{\"@type\":\"ListItem\",\"position\":1,\"name\":\"Home\",\"item\":\"https:\/\/vacanzeinbaita.paissangroup.com\/de\/\"},{\"@type\":\"ListItem\",\"position\":2,\"name\":\"Altopiano della Vigolana: la nostra esperienza alla Baita Mandrett\"}]},{\"@type\":\"WebSite\",\"@id\":\"https:\/\/vacanzeinbaita.paissangroup.com\/#website\",\"url\":\"https:\/\/vacanzeinbaita.paissangroup.com\/\",\"name\":\"Vacanze in Baita\",\"description\":\"Sito di prenotazione Baite in Trentino\",\"publisher\":{\"@id\":\"https:\/\/vacanzeinbaita.paissangroup.com\/#organization\"},\"potentialAction\":[{\"@type\":\"SearchAction\",\"target\":{\"@type\":\"EntryPoint\",\"urlTemplate\":\"https:\/\/vacanzeinbaita.paissangroup.com\/?s={search_term_string}\"},\"query-input\":\"required name=search_term_string\"}],\"inLanguage\":\"de\"},{\"@type\":\"Organization\",\"@id\":\"https:\/\/vacanzeinbaita.paissangroup.com\/#organization\",\"name\":\"Vacanze in Baita\",\"url\":\"https:\/\/vacanzeinbaita.paissangroup.com\/\",\"logo\":{\"@type\":\"ImageObject\",\"inLanguage\":\"de\",\"@id\":\"https:\/\/vacanzeinbaita.paissangroup.com\/#\/schema\/logo\/image\/\",\"url\":\"https:\/\/vacanzeinbaita.paissangroup.com\/wp-content\/uploads\/2023\/01\/vacanze_in_baita_lg.svg\",\"contentUrl\":\"https:\/\/vacanzeinbaita.paissangroup.com\/wp-content\/uploads\/2023\/01\/vacanze_in_baita_lg.svg\",\"width\":224,\"height\":64,\"caption\":\"Vacanze in Baita\"},\"image\":{\"@id\":\"https:\/\/vacanzeinbaita.paissangroup.com\/#\/schema\/logo\/image\/\"},\"sameAs\":[\"https:\/\/www.facebook.com\/people\/Vacanze-in-Baita\/100064500943516\/\",\"https:\/\/www.instagram.com\/vacanzeinbaita\/\",\"https:\/\/www.youtube.com\/@vacanzeinbaita7595\"]},{\"@type\":\"Person\",\"@id\":\"https:\/\/vacanzeinbaita.paissangroup.com\/#\/schema\/person\/29636c8f89ac13db261d68c95ef7153e\",\"name\":\"Roberto Lorusso\",\"image\":{\"@type\":\"ImageObject\",\"inLanguage\":\"de\",\"@id\":\"https:\/\/vacanzeinbaita.paissangroup.com\/#\/schema\/person\/image\/\",\"url\":\"https:\/\/secure.gravatar.com\/avatar\/c33c387f041b5ad67d85daef9976995b418921d3fe4cc25761349831a3015793?s=96&d=mm&r=g\",\"contentUrl\":\"https:\/\/secure.gravatar.com\/avatar\/c33c387f041b5ad67d85daef9976995b418921d3fe4cc25761349831a3015793?s=96&d=mm&r=g\",\"caption\":\"Roberto Lorusso\"},\"description\":\"Ciao, vi aspetto per una fantatstica vacanza in baita! Clicca qui sotto per vedere tutti i miei riferimenti.\",\"sameAs\":[\"https:\/\/www.facebook.com\/masobolpis\",\"https:\/\/www.instagram.com\/maso_bolpis\/\",\"https:\/\/youtu.be\/OuaautBMg8g\"]}]}<\/script>\n<!-- \/ Yoast SEO plugin. -->","yoast_head_json":{"title":"Altopiano della Vigolana: la nostra esperienza alla Baita Mandrett - Vacanze in Baita","robots":{"index":"noindex","follow":"follow","max-snippet":"max-snippet:-1","max-image-preview":"max-image-preview:large","max-video-preview":"max-video-preview:-1"},"og_locale":"de_DE","og_type":"article","og_title":"Altopiano della Vigolana: la nostra esperienza alla Baita Mandrett - Vacanze in Baita","og_description":"L\u2019Altopiano della Vigolana, in Trentino, \u00e8 un posto tranquillo e bellissimo per trascorrere un weekend di relax e natura e, in quanto ad alloggi tipici e altrettanto tranquilli, abbiamo una bella proposta che fa per voi.Per due meravigliose notti abbiamo alloggiato alla Baita Mandrett che le bambine ora chiamano \u201cla nostra baita\u201d, a testimonianza di ...","og_url":"https:\/\/vacanzeinbaita.paissangroup.com\/de\/la-nostra-esperienza-alla-baita-mandrett\/","og_site_name":"Vacanze in Baita","article_publisher":"https:\/\/www.facebook.com\/people\/Vacanze-in-Baita\/100064500943516\/","article_author":"https:\/\/www.facebook.com\/masobolpis","article_published_time":"2022-02-12T16:07:00+00:00","og_image":[{"url":"http:\/\/vacanzeinbaita.paissangroup.com\/wp-content\/uploads\/2023\/02\/news_4-1024x420.jpg"}],"author":"Roberto Lorusso","twitter_card":"summary_large_image","twitter_misc":{"Verfasst von":"Roberto Lorusso","Gesch\u00e4tzte Lesezeit":"1\u00a0Minute"},"schema":{"@context":"https:\/\/schema.org","@graph":[{"@type":"Article","@id":"https:\/\/vacanzeinbaita.paissangroup.com\/de\/la-nostra-esperienza-alla-baita-mandrett\/#article","isPartOf":{"@id":"https:\/\/vacanzeinbaita.paissangroup.com\/de\/la-nostra-esperienza-alla-baita-mandrett\/"},"author":{"name":"Roberto Lorusso","@id":"https:\/\/vacanzeinbaita.paissangroup.com\/#\/schema\/person\/29636c8f89ac13db261d68c95ef7153e"},"headline":"Altopiano della Vigolana: la nostra esperienza alla Baita Mandrett","datePublished":"2022-02-12T16:07:00+00:00","dateModified":"2022-02-12T16:07:00+00:00","mainEntityOfPage":{"@id":"https:\/\/vacanzeinbaita.paissangroup.com\/de\/la-nostra-esperienza-alla-baita-mandrett\/"},"wordCount":128,"commentCount":0,"publisher":{"@id":"https:\/\/vacanzeinbaita.paissangroup.com\/#organization"},"keywords":["holiday ideas","hospitality"],"articleSection":["Blogger"],"inLanguage":"de","potentialAction":[{"@type":"CommentAction","name":"Comment","target":["https:\/\/vacanzeinbaita.paissangroup.com\/de\/la-nostra-esperienza-alla-baita-mandrett\/#respond"]}]},{"@type":"WebPage","@id":"https:\/\/vacanzeinbaita.paissangroup.com\/de\/la-nostra-esperienza-alla-baita-mandrett\/","url":"https:\/\/vacanzeinbaita.paissangroup.com\/de\/la-nostra-esperienza-alla-baita-mandrett\/","name":"Altopiano della Vigolana: la nostra esperienza alla Baita Mandrett - Vacanze in Baita","isPartOf":{"@id":"https:\/\/vacanzeinbaita.paissangroup.com\/#website"},"datePublished":"2022-02-12T16:07:00+00:00","dateModified":"2022-02-12T16:07:00+00:00","breadcrumb":{"@id":"https:\/\/vacanzeinbaita.paissangroup.com\/de\/la-nostra-esperienza-alla-baita-mandrett\/#breadcrumb"},"inLanguage":"de","potentialAction":[{"@type":"ReadAction","target":["https:\/\/vacanzeinbaita.paissangroup.com\/de\/la-nostra-esperienza-alla-baita-mandrett\/"]}]},{"@type":"BreadcrumbList","@id":"https:\/\/vacanzeinbaita.paissangroup.com\/de\/la-nostra-esperienza-alla-baita-mandrett\/#breadcrumb","itemListElement":[{"@type":"ListItem","position":1,"name":"Home","item":"https:\/\/vacanzeinbaita.paissangroup.com\/de\/"},{"@type":"ListItem","position":2,"name":"Altopiano della Vigolana: la nostra esperienza alla Baita Mandrett"}]},{"@type":"WebSite","@id":"https:\/\/vacanzeinbaita.paissangroup.com\/#website","url":"https:\/\/vacanzeinbaita.paissangroup.com\/","name":"Vacanze in Baita","description":"Sito di prenotazione Baite in Trentino","publisher":{"@id":"https:\/\/vacanzeinbaita.paissangroup.com\/#organization"},"potentialAction":[{"@type":"SearchAction","target":{"@type":"EntryPoint","urlTemplate":"https:\/\/vacanzeinbaita.paissangroup.com\/?s={search_term_string}"},"query-input":"required name=search_term_string"}],"inLanguage":"de"},{"@type":"Organization","@id":"https:\/\/vacanzeinbaita.paissangroup.com\/#organization","name":"Vacanze in Baita","url":"https:\/\/vacanzeinbaita.paissangroup.com\/","logo":{"@type":"ImageObject","inLanguage":"de","@id":"https:\/\/vacanzeinbaita.paissangroup.com\/#\/schema\/logo\/image\/","url":"https:\/\/vacanzeinbaita.paissangroup.com\/wp-content\/uploads\/2023\/01\/vacanze_in_baita_lg.svg","contentUrl":"https:\/\/vacanzeinbaita.paissangroup.com\/wp-content\/uploads\/2023\/01\/vacanze_in_baita_lg.svg","width":224,"height":64,"caption":"Vacanze in Baita"},"image":{"@id":"https:\/\/vacanzeinbaita.paissangroup.com\/#\/schema\/logo\/image\/"},"sameAs":["https:\/\/www.facebook.com\/people\/Vacanze-in-Baita\/100064500943516\/","https:\/\/www.instagram.com\/vacanzeinbaita\/","https:\/\/www.youtube.com\/@vacanzeinbaita7595"]},{"@type":"Person","@id":"https:\/\/vacanzeinbaita.paissangroup.com\/#\/schema\/person\/29636c8f89ac13db261d68c95ef7153e","name":"Roberto Lorusso","image":{"@type":"ImageObject","inLanguage":"de","@id":"https:\/\/vacanzeinbaita.paissangroup.com\/#\/schema\/person\/image\/","url":"https:\/\/secure.gravatar.com\/avatar\/c33c387f041b5ad67d85daef9976995b418921d3fe4cc25761349831a3015793?s=96&d=mm&r=g","contentUrl":"https:\/\/secure.gravatar.com\/avatar\/c33c387f041b5ad67d85daef9976995b418921d3fe4cc25761349831a3015793?s=96&d=mm&r=g","caption":"Roberto Lorusso"},"description":"Ciao, vi aspetto per una fantatstica vacanza in baita! Clicca qui sotto per vedere tutti i miei riferimenti.","sameAs":["https:\/\/www.facebook.com\/masobolpis","https:\/\/www.instagram.com\/maso_bolpis\/","https:\/\/youtu.be\/OuaautBMg8g"]}]}},"_links":{"self":[{"href":"https:\/\/vacanzeinbaita.paissangroup.com\/de\/wp-json\/wp\/v2\/posts\/52628","targetHints":{"allow":["GET"]}}],"collection":[{"href":"https:\/\/vacanzeinbaita.paissangroup.com\/de\/wp-json\/wp\/v2\/posts"}],"about":[{"href":"https:\/\/vacanzeinbaita.paissangroup.com\/de\/wp-json\/wp\/v2\/types\/post"}],"author":[{"embeddable":true,"href":"https:\/\/vacanzeinbaita.paissangroup.com\/de\/wp-json\/wp\/v2\/users\/2"}],"replies":[{"embeddable":true,"href":"https:\/\/vacanzeinbaita.paissangroup.com\/de\/wp-json\/wp\/v2\/comments?post=52628"}],"version-history":[{"count":0,"href":"https:\/\/vacanzeinbaita.paissangroup.com\/de\/wp-json\/wp\/v2\/posts\/52628\/revisions"}],"wp:featuredmedia":[{"embeddable":true,"href":"https:\/\/vacanzeinbaita.paissangroup.com\/de\/wp-json\/wp\/v2\/media\/44531"}],"wp:attachment":[{"href":"https:\/\/vacanzeinbaita.paissangroup.com\/de\/wp-json\/wp\/v2\/media?parent=52628"}],"wp:term":[{"taxonomy":"category","embeddable":true,"href":"https:\/\/vacanzeinbaita.paissangroup.com\/de\/wp-json\/wp\/v2\/categories?post=52628"},{"taxonomy":"post_tag","embeddable":true,"href":"https:\/\/vacanzeinbaita.paissangroup.com\/de\/wp-json\/wp\/v2\/tags?post=52628"}],"curies":[{"name":"wp","href":"https:\/\/api.w.org\/{rel}","templated":true}]}}